{"id":242,"date":"2013-07-03T21:45:27","date_gmt":"2013-07-03T19:45:27","guid":{"rendered":"http:\/\/fkrwt.de\/cms\/?p=242"},"modified":"2024-04-16T12:50:23","modified_gmt":"2024-04-16T10:50:23","slug":"sommerfest-2013","status":"publish","type":"post","link":"http:\/\/fkrwt.de\/cms\/sommerfest-2013\/","title":{"rendered":"Sommerfest 2013"},"content":{"rendered":"<p><!-- [if gte mso 9]><xml>\n<w:WordDocument>\n<w:View>Normal<\/w:View>\n<w:Zoom>0<\/w:Zoom>\n<w:HyphenationZone>21<\/w:HyphenationZone>\n<w:PunctuationKerning\/>\n<w:ValidateAgainstSchemas\/>\n<w:SaveIfXMLInvalid>false<\/w:SaveIfXMLInvalid>\n<w:IgnoreMixedContent>false<\/w:IgnoreMixedContent>\n<w:AlwaysShowPlaceholderText>false<\/w:AlwaysShowPlaceholderText>\n<w:Compatibility>\n<w:BreakWrappedTables\/>\n<w:SnapToGridInCell\/>\n<w:WrapTextWithPunct\/>\n<w:UseAsianBreakRules\/>\n<w:DontGrowAutofit\/>\n<\/w:Compatibility>\n<w:BrowserLevel>MicrosoftInternetExplorer4<\/w:BrowserLevel>\n<\/w:WordDocument>\n<\/xml><![endif]--><\/p>\n<p><!-- [if gte mso 9]><xml>\n<w:LatentStyles DefLockedState=\"false\" LatentStyleCount=\"156\">\n<\/w:LatentStyles>\n<\/xml><![endif]--><!-- [if gte mso 10]>\n\n\n\n<style>\n \/* Style Definitions *\/\ntable.MsoNormalTable\n{mso-style-name:\"Normale Tabelle\";\nmso-tstyle-rowband-size:0;\nmso-tstyle-colband-size:0;\nmso-style-noshow:yes;\nmso-style-parent:\"\";\nmso-padding-alt:0cm 5.4pt 0cm 5.4pt;\nmso-para-margin:0cm;\nmso-para-margin-bottom:.0001pt;\nmso-pagination:widow-orphan;\nfont-size:10.0pt;\nfont-family:\"Times New Roman\";\nmso-ansi-language:#0400;\nmso-fareast-language:#0400;\nmso-bidi-language:#0400;}\n<\/style>\n\n\n\n<![endif]--><\/p>\n<p style=\"text-align: justify;\"><span style=\"font-family: Calibri;\">Am 29.06.2013 fand das diesj\u00e4h<\/span><span style=\"font-family: Calibri;\">rige Sommerfest der Kindertagesst\u00e4tte<\/span><span style=\"font-family: Calibri;\"> unter dem Motto \u201eWir setzen Segel und gehen auf Kurs\u201c statt. Der F\u00f6rderverein hat bei der Organisation des Sommerfestes mitgewirk<\/span><span style=\"font-family: Calibri;\">t un<\/span><span style=\"font-family: Calibri;\">d d<\/span><span style=\"font-family: Calibri;\">amit seine erste Veranstaltung mit der Kita zusammen durchgef\u00fchrt.<\/span><span style=\"font-family: Calibri;\"><a href=\"http:\/\/fkrwt.de\/cms\/wp-content\/uploads\/2013\/07\/IMG_6684kompr1.jpg\"><img loading=\"lazy\" decoding=\"async\" class=\"size-full wp-image-266 alignright\" src=\"http:\/\/fkrwt.de\/cms\/wp-content\/uploads\/2013\/07\/IMG_6684kompr1.jpg\" alt=\"IMG_6684kompr1\" width=\"181\" height=\"211\" srcset=\"http:\/\/fkrwt.de\/cms\/wp-content\/uploads\/2013\/07\/IMG_6684kompr1.jpg 787w, http:\/\/fkrwt.de\/cms\/wp-content\/uploads\/2013\/07\/IMG_6684kompr1-256x300.jpg 256w, http:\/\/fkrwt.de\/cms\/wp-content\/uploads\/2013\/07\/IMG_6684kompr1-624x728.jpg 624w\" sizes=\"(max-width: 181px) 100vw, 181px\" \/><\/a><\/span><\/p>\n<p style=\"text-align: justify;\"><span style=\"font-family: Calibri;\">Ca. 200 Besucher verfolgten g<\/span><span style=\"font-family: Calibri;\">ut gelaunt die Auftritt<\/span><span style=\"font-family: Calibri;\">e der <\/span><span style=\"font-family: Calibri;\">einzelnen <\/span><span style=\"font-family: Calibri;\">Kindergartengr<\/span><span style=\"font-family: Calibri;\">up<\/span><span style=\"font-family: Calibri;\">pen un<\/span><span style=\"font-family: Calibri;\">d <\/span><span style=\"font-family: Calibri;\">die\u00a0<\/span><span style=\"font-family: Calibri;\">Verabschiedung der zuk\u00fcnftigen Schulkin<\/span><span style=\"font-family: Calibri;\">der.\u00a0<\/span><span style=\"font-family: Calibri;\">Anschlie\u00dfend konnten die Kinder an verschiedenen <\/span><span style=\"font-family: Calibri;\">Akti<\/span><span style=\"font-family: Calibri;\">onen <\/span><span style=\"font-family: Calibri;\">teilneh<\/span><span style=\"font-family: Calibri;\">men, die von<\/span><span style=\"font-family: Calibri;\"> den Erzieherinnen der Kita mit <\/span><span style=\"font-family: Calibri;\">Unterst\u00fc<\/span><span style=\"font-family: Calibri;\">tz<\/span><span style=\"font-family: Calibri;\">ung einiger Eltern angeboten wurden. \u00a0<\/span><span style=\"font-family: Calibri;\">Au\u00dferdem wurde eine S<\/span><span style=\"font-family: Calibri;\">ch\u00e4tzfr<\/span><span style=\"font-family: Calibri;\">age von den Mitarbeiterinnen der Kita vorbereitet. Es sollte die Anzahl von Papierschiffchen in einem gro\u00dfen Glasgef\u00e4\u00df gesch\u00e4tzt werden. Die L\u00f6sung lautete \u00fcbrigens 97.\u00a0<\/span><\/p>\n<p style=\"text-align: justify;\"><!--more--><\/p>\n<p class=\"MsoNormal\" style=\"text-align: justify;\"><span style=\"font-family: Calibri;\">F\u00fcr das leibliche Wohl sorgten die Kita und der F\u00f6rderverein gemeinsam. Obst, Rohkost und Wraps wurden von der Kita bereitgestellt, der F\u00f6rderverein orga<\/span><span style=\"font-family: Calibri;\">nisie<\/span><span style=\"font-family: Calibri;\">rte das Kuchenbuffet und war f\u00fcr die <\/span><span style=\"font-family: Calibri;\">Getr\u00e4nkeausgabe<\/span><span style=\"font-family: Calibri;\"> zust\u00e4ndig. <\/span><span style=\"font-family: Calibri;\"><a href=\"http:\/\/fkrwt.de\/cms\/wp-content\/uploads\/2013\/07\/IMG_6715kompr.jpg\"><img loading=\"lazy\" decoding=\"async\" class=\"size-full wp-image-252 alignleft\" src=\"http:\/\/fkrwt.de\/cms\/wp-content\/uploads\/2013\/07\/IMG_6715kompr.jpg\" alt=\"Sommerfest Kuchenbuffet\" width=\"293\" height=\"195\" srcset=\"http:\/\/fkrwt.de\/cms\/wp-content\/uploads\/2013\/07\/IMG_6715kompr.jpg 1181w, http:\/\/fkrwt.de\/cms\/wp-content\/uploads\/2013\/07\/IMG_6715kompr-300x199.jpg 300w, http:\/\/fkrwt.de\/cms\/wp-content\/uploads\/2013\/07\/IMG_6715kompr-1024x682.jpg 1024w, http:\/\/fkrwt.de\/cms\/wp-content\/uploads\/2013\/07\/IMG_6715kompr-624x415.jpg 624w\" sizes=\"(max-width: 293px) 100vw, 293px\" \/><\/a><\/span><span style=\"font-family: Calibri;\">Jedes Kind bekam au\u00dferdem im Rahmen des Fests ein kleines Eis, das vom F\u00f6rderverein spendiert wurde.\u00a0<\/span><\/p>\n<p class=\"MsoNormal\" style=\"text-align: justify;\"><span style=\"font-family: Calibri;\">Daneben beteiligte sich der F\u00f6r<\/span><span style=\"font-family: Calibri;\">derverein am Sommerfest durch einen Pustefix-Seifenblasen<\/span><span style=\"font-family: Calibri;\">stand. Dieser fand gro\u00dfen Anklang bei Gro\u00df und Klein.<\/span><\/p>\n<p class=\"MsoNormal\" style=\"text-align: justify;\"><span style=\"font-family: Calibri;\">Zudem organisierte der F\u00f6rderverein<\/span><span style=\"font-family: Calibri;\"> dieses Jahr erstmalig eine Tombola mit vielen sch\u00f6nen Preisen, die gr\u00f6\u00dftenteils von den lokalen Gesch\u00e4ften gespendet wurden. Wir m\u00f6chten uns auf diesem Wege nochmals ganz herzlich bei allen Spendern bedanken.<\/span><\/p>\n<p class=\"MsoNormal\" style=\"text-align: justify;\"><span style=\"font-family: Calibri;\">Die Einnahmen aus dem Verkauf der Tombola-Lose und des Getr\u00e4nke- und Kuchenbuffets kamen zu 100% dem F\u00f6rderverein zugute. Dadurch konnte der stolze Betrag von rund 900 Euro f\u00fcr den Verein eingenommen werden. <\/span><\/p>\n<p class=\"MsoNormal\" style=\"text-align: justify;\"><span style=\"font-family: Calibri;\"><a href=\"http:\/\/fkrwt.de\/cms\/wp-content\/uploads\/2013\/07\/IMG_6754kompr.jpg\"><img loading=\"lazy\" decoding=\"async\" class=\"size-full wp-image-250 alignright\" src=\"http:\/\/fkrwt.de\/cms\/wp-content\/uploads\/2013\/07\/IMG_6754kompr.jpg\" alt=\"IMG_6754kompr\" width=\"293\" height=\"195\" srcset=\"http:\/\/fkrwt.de\/cms\/wp-content\/uploads\/2013\/07\/IMG_6754kompr.jpg 787w, http:\/\/fkrwt.de\/cms\/wp-content\/uploads\/2013\/07\/IMG_6754kompr-300x200.jpg 300w, http:\/\/fkrwt.de\/cms\/wp-content\/uploads\/2013\/07\/IMG_6754kompr-624x416.jpg 624w\" sizes=\"(max-width: 293px) 100vw, 293px\" \/><\/a><\/span><span style=\"font-family: Calibri;\">Wir bedanken uns ganz herzlich bei allen Helfern, Kuchenspendern und dem gesamten Kita-Team f\u00fcr die tolle Unterst\u00fctzung und gute Zusammenarbeit. <\/span><\/p>\n<p class=\"MsoNormal\" style=\"text-align: justify;\">\n<p class=\"MsoNormal\" style=\"text-align: justify;\">\n","protected":false},"excerpt":{"rendered":"<p>Am 29.06.2013 fand das diesj\u00e4hrige Sommerfest der Kindertagesst\u00e4tte unter dem Motto \u201eWir setzen Segel und gehen auf Kurs\u201c statt. Der F\u00f6rderverein hat bei der Organisation des Sommerfestes mitgewirkt und damit seine erste Veranstaltung mit der Kita zusammen durchgef\u00fchrt. Ca. 200 Besucher verfolgten gut gelaunt die Auftritte der einzelnen Kindergartengruppen und die\u00a0Verabschiedung der zuk\u00fcnftigen Schulkinder.\u00a0Anschlie\u00dfend konnten die Kinder an verschiedenen Aktionen teilnehmen, die von den Erzieherinnen der Kita mit Unterst\u00fctzung einiger Eltern angeboten wurden. \u00a0Au\u00dferdem wurde eine Sch\u00e4tzfrage von den Mitarbeiterinnen der Kita vorbereitet. Es sollte die Anzahl von Papierschiffchen in einem gro\u00dfen Glasgef\u00e4\u00df gesch\u00e4tzt werden. Die L\u00f6sung lautete \u00fcbrigens 97.\u00a0<\/p>\n","protected":false},"author":5,"featured_media":0,"comment_status":"closed","ping_status":"closed","sticky":false,"template":"","format":"standard","meta":{"footnotes":""},"categories":[1],"tags":[],"_links":{"self":[{"href":"http:\/\/fkrwt.de\/cms\/wp-json\/wp\/v2\/posts\/242"}],"collection":[{"href":"http:\/\/fkrwt.de\/cms\/wp-json\/wp\/v2\/posts"}],"about":[{"href":"http:\/\/fkrwt.de\/cms\/wp-json\/wp\/v2\/types\/post"}],"author":[{"embeddable":true,"href":"http:\/\/fkrwt.de\/cms\/wp-json\/wp\/v2\/users\/5"}],"replies":[{"embeddable":true,"href":"http:\/\/fkrwt.de\/cms\/wp-json\/wp\/v2\/comments?post=242"}],"version-history":[{"count":43,"href":"http:\/\/fkrwt.de\/cms\/wp-json\/wp\/v2\/posts\/242\/revisions"}],"predecessor-version":[{"id":1668,"href":"http:\/\/fkrwt.de\/cms\/wp-json\/wp\/v2\/posts\/242\/revisions\/1668"}],"wp:attachment":[{"href":"http:\/\/fkrwt.de\/cms\/wp-json\/wp\/v2\/media?parent=242"}],"wp:term":[{"taxonomy":"category","embeddable":true,"href":"http:\/\/fkrwt.de\/cms\/wp-json\/wp\/v2\/categories?post=242"},{"taxonomy":"post_tag","embeddable":true,"href":"http:\/\/fkrwt.de\/cms\/wp-json\/wp\/v2\/tags?post=242"}],"curies":[{"name":"wp","href":"https:\/\/api.w.org\/{rel}","templated":true}]}}