{"id":1588,"date":"2020-02-07T18:29:48","date_gmt":"2020-02-07T16:29:48","guid":{"rendered":"http:\/\/fkrwt.de\/cms\/?p=1588"},"modified":"2020-02-07T18:29:50","modified_gmt":"2020-02-07T16:29:50","slug":"kita-vital-gute-gesunde-kita","status":"publish","type":"post","link":"https:\/\/fkrwt.de\/cms\/kita-vital-gute-gesunde-kita\/","title":{"rendered":"KITA VITAL  &#8211; gute gesunde Kita"},"content":{"rendered":"\n<figure class=\"wp-block-image\"><img loading=\"lazy\" decoding=\"async\" width=\"300\" height=\"98\" src=\"http:\/\/fkrwt.de\/cms\/wp-content\/uploads\/2020\/02\/logo.jpg\" alt=\"\" class=\"wp-image-1589\"\/><\/figure>\n\n\n\n<p><strong>KITA VITAL&nbsp; &#8211; gute gesunde Kita<\/strong><\/p>\n\n\n\n<p>Wir haben\nuns als Team mit den Kindern und Eltern auf dem Weg&nbsp; gemacht zur Zertifizierung als KiTa Vital\nEinrichtung. Wir als Kindertageseinrichtung sind zertifiziert als \u201eanerkannter\nBewegungskindergarten mit dem Pluspunkt Ern\u00e4hrung\u201c. Somit sehen wir diesen Weg\nals Erg\u00e4nzung bzw. Aufwertung unserer st\u00e4dt. Einrichtung, durch den Ausbau des\nSchwerpunktes Entspannung. <\/p>\n\n\n\n<p>Um\nPr\u00e4vention und Gesundheitsf\u00f6rderung in Kindertageeinrichtungen im Rhein-Sieg-\nKreis auf einen einheitlichen hohen Level zu bringen, hat das\nKreisgesundheitsamt gemeinsam mit kivi e.V. im Jahr 2011 das langfriste und\nnachhaltige Programm KiTa ViTal entwickelt. <\/p>\n\n\n\n<p>Das\nZertifikat KITa Vital gute gesunde KiTa ist die Qualit\u00e4tsbezeichnung f\u00fcr die\nteilnehmenden Kindertageseinrichtungen im Rhein-Sieg-Kreis und wird vom Landrat\ndes Rhein-Sieg-Kreises an Einrichtungen verliehen, die die ca. 1 \u00bd&nbsp; Organisationseitwicklung nach den\nQualit\u00e4tstableau KiTa Vital \u2013 gute gesunde Kita durchlaufen haben. <\/p>\n\n\n\n<p>Das\nZertifikat gilt f\u00fcr einen Zeitraum von drei Jahren und kann entsprechen\nverl\u00e4ngert werden. <\/p>\n\n\n\n<p>Ziele des\nProgamms sind: <\/p>\n\n\n\n<ul><li>Gesunde Strukturen und Angebote werden in der Kindertageseinrichtung nachhaltig geschaffen und ausgebaut. <\/li><li>Kinder erleben t\u00e4glich, dass gesundes Essen lecker ist und ihnen Bewegung und Entspannung Spa\u00df macht und gut tut. <\/li><li>Kinder und Fachkr\u00e4fte \u00fcbernehmen gesundheitsf\u00f6rderliche Verhaltensweisen und integrieren sie in den Alltag. <\/li><li>  Besch\u00e4ftigte in der KiTa haben gute Arbeitsbedingungen und f\u00fchlen sich wohl \u00a0  <\/li><\/ul>\n\n\n\n<p> <strong>Zertifizierungsfeier in der Kindertageseinrichtung Ravensbergerweg am 26.02.2019<\/strong><\/p>\n\n\n\n<figure class=\"wp-block-image\"><img loading=\"lazy\" decoding=\"async\" width=\"1024\" height=\"653\" src=\"http:\/\/fkrwt.de\/cms\/wp-content\/uploads\/2020\/02\/feier-1024x653.jpg\" alt=\"\" class=\"wp-image-1590\" srcset=\"https:\/\/fkrwt.de\/cms\/wp-content\/uploads\/2020\/02\/feier.jpg 1024w, https:\/\/fkrwt.de\/cms\/wp-content\/uploads\/2020\/02\/feier-300x191.jpg 300w, https:\/\/fkrwt.de\/cms\/wp-content\/uploads\/2020\/02\/feier-768x490.jpg 768w, https:\/\/fkrwt.de\/cms\/wp-content\/uploads\/2020\/02\/feier-624x398.jpg 624w\" sizes=\"(max-width: 1024px) 100vw, 1024px\" \/><\/figure>\n\n\n\n<p><\/p>\n","protected":false},"excerpt":{"rendered":"<p>KITA VITAL&nbsp; &#8211; gute gesunde Kita Wir haben uns als Team mit den Kindern und Eltern auf dem Weg&nbsp; gemacht zur Zertifizierung als KiTa Vital Einrichtung. Wir als Kindertageseinrichtung sind zertifiziert als \u201eanerkannter Bewegungskindergarten mit dem Pluspunkt Ern\u00e4hrung\u201c. Somit sehen wir diesen Weg als Erg\u00e4nzung bzw. Aufwertung unserer st\u00e4dt. Einrichtung, durch den Ausbau des Schwerpunktes Entspannung. Um Pr\u00e4vention und Gesundheitsf\u00f6rderung in Kindertageeinrichtungen im Rhein-Sieg- Kreis auf einen einheitlichen hohen Level zu bringen, hat das Kreisgesundheitsamt gemeinsam mit kivi e.V. im Jahr 2011 das langfriste und nachhaltige Programm KiTa ViTal entwickelt. Das Zertifikat KITa Vital gute gesunde KiTa ist die Qualit\u00e4tsbezeichnung f\u00fcr die teilnehmenden Kindertageseinrichtungen im Rhein-Sieg-Kreis und wird vom Landrat [&hellip;]<\/p>\n","protected":false},"author":5,"featured_media":0,"comment_status":"closed","ping_status":"closed","sticky":false,"template":"","format":"standard","meta":{"footnotes":""},"categories":[1],"tags":[],"_links":{"self":[{"href":"https:\/\/fkrwt.de\/cms\/wp-json\/wp\/v2\/posts\/1588"}],"collection":[{"href":"https:\/\/fkrwt.de\/cms\/wp-json\/wp\/v2\/posts"}],"about":[{"href":"https:\/\/fkrwt.de\/cms\/wp-json\/wp\/v2\/types\/post"}],"author":[{"embeddable":true,"href":"https:\/\/fkrwt.de\/cms\/wp-json\/wp\/v2\/users\/5"}],"replies":[{"embeddable":true,"href":"https:\/\/fkrwt.de\/cms\/wp-json\/wp\/v2\/comments?post=1588"}],"version-history":[{"count":1,"href":"https:\/\/fkrwt.de\/cms\/wp-json\/wp\/v2\/posts\/1588\/revisions"}],"predecessor-version":[{"id":1591,"href":"https:\/\/fkrwt.de\/cms\/wp-json\/wp\/v2\/posts\/1588\/revisions\/1591"}],"wp:attachment":[{"href":"https:\/\/fkrwt.de\/cms\/wp-json\/wp\/v2\/media?parent=1588"}],"wp:term":[{"taxonomy":"category","embeddable":true,"href":"https:\/\/fkrwt.de\/cms\/wp-json\/wp\/v2\/categories?post=1588"},{"taxonomy":"post_tag","embeddable":true,"href":"https:\/\/fkrwt.de\/cms\/wp-json\/wp\/v2\/tags?post=1588"}],"curies":[{"name":"wp","href":"https:\/\/api.w.org\/{rel}","templated":true}]}}