{"id":862,"date":"2014-11-24T17:44:41","date_gmt":"2014-11-24T15:44:41","guid":{"rendered":"http:\/\/fkrwt.de\/cms\/?p=862"},"modified":"2015-05-07T13:30:51","modified_gmt":"2015-05-07T11:30:51","slug":"ich-geh-mit-meiner-laterne-st-martins-umzug-2014","status":"publish","type":"post","link":"https:\/\/fkrwt.de\/cms\/ich-geh-mit-meiner-laterne-st-martins-umzug-2014\/","title":{"rendered":"\u201eIch geh\u2018 mit meiner Laterne\u2026.\u201c \u2013 St. Martins-Umzug 2014"},"content":{"rendered":"<p>Am 07.11.2014 fand unser St. Martins-Umzug statt, der nicht nur die Augen der Kinder zum Leuchten brachte. Mit ihren selbstgebastelten Laternen zogen die Kinder durch die Stra\u00dfen und sangen die Lieder, die sie in den letzten Wochen so flei\u00dfig einge\u00fcbt hatten. Dabei wurden sie von einer kleinen Kapelle begleitet. Viele Anwohner hatten ihre Fenster mit Lichtern geschm\u00fcckt und freuten sich \u00fcber die vorbeiziehenden Kinder.<\/p>\n<p><!--more--><\/p>\n<p><a href=\"http:\/\/fkrwt.de\/cms\/wp-content\/uploads\/2014\/11\/Sankt-Martin-3.jpg\"><img loading=\"lazy\" decoding=\"async\" class=\"alignleft size-medium wp-image-864\" src=\"http:\/\/fkrwt.de\/cms\/wp-content\/uploads\/2014\/11\/Sankt-Martin-3-300x200.jpg\" alt=\"Sankt Martin 3\" width=\"300\" height=\"200\" srcset=\"https:\/\/fkrwt.de\/cms\/wp-content\/uploads\/2014\/11\/Sankt-Martin-3-300x200.jpg 300w, https:\/\/fkrwt.de\/cms\/wp-content\/uploads\/2014\/11\/Sankt-Martin-3-624x416.jpg 624w, https:\/\/fkrwt.de\/cms\/wp-content\/uploads\/2014\/11\/Sankt-Martin-3.jpg 886w\" sizes=\"(max-width: 300px) 100vw, 300px\" \/><\/a><\/p>\n<p>&nbsp;<\/p>\n<p>Nach dem Umzug bestaunten Gro\u00df und Klein unser Martinsfeuer, der F\u00f6rderverein schenkte kostenlose Getr\u00e4nke aus, wir h\u00f6rten die Martinsgeschichte und die Kinder trugen ein Lied vor. Anschlie\u00dfend durfte sich jedes Kind beim St. Martin einen Weckmann abholen.<\/p>\n<p><span style=\"line-height: 1.714285714; font-size: 1rem;\">Wir bedanken uns bei \u201eunserem\u201c St. Martin f\u00fcr die sch\u00f6ne Darstellung. Au\u00dferdem m\u00f6chten wir uns noch einmal f\u00fcr die vielen Spenden zum Elterncaf\u00e9 bedanken, die es uns erm\u00f6glicht haben, die Kapelle komplett zu finanzieren. Alle Spenden, die w\u00e4hrend des Getr\u00e4nkeausschanks eingenommen wurden, werden f\u00fcr die n\u00e4chsten anstehenden Projekte verwendet \u2013 z.\u00a0B. werden wir die Nikolausgeschenke bezuschussen. Ein Dankesch\u00f6n geht an alle Spender und an unser tolles KiTa-Team!<\/span><\/p>\n<p>siehe auch: <a title=\"Pressemitteilungen\" href=\"http:\/\/fkrwt.de\/cms\/pressemitteilungen\/\">Pressemitteilungen<\/a><\/p>\n","protected":false},"excerpt":{"rendered":"<p>Am 07.11.2014 fand unser St. Martins-Umzug statt, der nicht nur die Augen der Kinder zum Leuchten brachte. Mit ihren selbstgebastelten Laternen zogen die Kinder durch die Stra\u00dfen und sangen die Lieder, die sie in den letzten Wochen so flei\u00dfig einge\u00fcbt hatten. Dabei wurden sie von einer kleinen Kapelle begleitet. Viele Anwohner hatten ihre Fenster mit Lichtern geschm\u00fcckt und freuten sich \u00fcber die vorbeiziehenden Kinder.<\/p>\n","protected":false},"author":5,"featured_media":0,"comment_status":"closed","ping_status":"closed","sticky":false,"template":"","format":"standard","meta":{"footnotes":""},"categories":[1],"tags":[],"_links":{"self":[{"href":"https:\/\/fkrwt.de\/cms\/wp-json\/wp\/v2\/posts\/862"}],"collection":[{"href":"https:\/\/fkrwt.de\/cms\/wp-json\/wp\/v2\/posts"}],"about":[{"href":"https:\/\/fkrwt.de\/cms\/wp-json\/wp\/v2\/types\/post"}],"author":[{"embeddable":true,"href":"https:\/\/fkrwt.de\/cms\/wp-json\/wp\/v2\/users\/5"}],"replies":[{"embeddable":true,"href":"https:\/\/fkrwt.de\/cms\/wp-json\/wp\/v2\/comments?post=862"}],"version-history":[{"count":8,"href":"https:\/\/fkrwt.de\/cms\/wp-json\/wp\/v2\/posts\/862\/revisions"}],"predecessor-version":[{"id":873,"href":"https:\/\/fkrwt.de\/cms\/wp-json\/wp\/v2\/posts\/862\/revisions\/873"}],"wp:attachment":[{"href":"https:\/\/fkrwt.de\/cms\/wp-json\/wp\/v2\/media?parent=862"}],"wp:term":[{"taxonomy":"category","embeddable":true,"href":"https:\/\/fkrwt.de\/cms\/wp-json\/wp\/v2\/categories?post=862"},{"taxonomy":"post_tag","embeddable":true,"href":"https:\/\/fkrwt.de\/cms\/wp-json\/wp\/v2\/tags?post=862"}],"curies":[{"name":"wp","href":"https:\/\/api.w.org\/{rel}","templated":true}]}}